{"id":15,"count":294,"description":"<h2 style=\"margin-top: 25px;\">Gotowe pasma do przed\u0142u\u017cania w\u0142os\u00f3w<\/h2>\r\nPrzed\u0142u\u017canie w\u0142os\u00f3w sta\u0142o si\u0119 obecnie bardzo popularne i nic dziwnego. Dzi\u0119ki temu mo\u017cesz zadba\u0107 o swoje w\u0142osy i nie musisz ju\u017c czeka\u0107 d\u0142ugi czas, by w\u0142osy uros\u0142y do zadowalaj\u0105cej Ci\u0119 d\u0142ugo\u015bci. Dzi\u0119ki przed\u0142u\u017caniu masz nad nimi pe\u0142n\u0105 kontrol\u0119 i mo\u017cesz zmienia\u0107 fryzury tak, jak Ci si\u0119 to tylko podoba. Symbol kobieco\u015bci w Twoich r\u0119kach.\r\n\r\nCoraz nowsze sposoby na doczepianie w\u0142os\u00f3w pozwoli\u0142y ka\u017cdej kobiecie na wyb\u00f3r tego, jak\u0105 metod\u0105 chc\u0105 mie\u0107 doczepiane w\u0142osy. Cz\u0119sto jednak jest tak, \u017ce nie mo\u017cemy zdecydowa\u0107 si\u0119, co powinny\u015bmy zrobi\u0107 z w\u0142osami, dlatego eksperymentowanie powinno by\u0107 czym\u015b naturalnym. Dzisiejsze mo\u017cliwo\u015bci pozwalaj\u0105 na zmian\u0119 koloru, doczepy syntetyczne czy doczepy naturalne, a wszystko to po to, by\u015bmy mog\u0142y poczu\u0107 si\u0119 pi\u0119knie. Dlaczego wi\u0119c nie pr\u00f3bowa\u0107 kolejnych kolor\u00f3w na g\u0142owie?\r\n<h2>Maksymalna wygoda i komfort!<\/h2>\r\nTutaj z pomoc\u0105 przychodz\u0105 gotowe pasma do przed\u0142u\u017cania w\u0142os\u00f3w. Co prawda wymaga to nieco wprawy, jednak dzi\u0119ki nim mo\u017cesz zmienia\u0107 d\u0142ugo\u015b\u0107 swoich w\u0142os\u00f3w w domowym zaciszu, co jest bardzo korzystne zar\u00f3wno dla portfela, jak i dla Twojej wygody. Je\u015bli jednak wolisz zrobi\u0107 to w salonie, to oczywi\u015bcie tak zam\u00f3wione pasma mog\u0105 p\u00f3\u017aniej w \u0142atwy spos\u00f3b znale\u017a\u0107 si\u0119 na Twojej g\u0142owie. Wystarczy \u017ce wybierzesz kolor, kt\u00f3ry Ci\u0119 interesuje, zam\u00f3wisz go sama lub z pomoc\u0105 swojej fryzjerki, a nast\u0119pnie zaimplementuje te pasma na Twoj\u0105 g\u0142ow\u0119. Dzi\u0119ki temu masz kontrol\u0119 nad tym, czym przed\u0142u\u017casz w\u0142osy i jak one w ko\u0144cowym efekcie wygl\u0105daj\u0105.\r\n<h2>Gotowe pasma do przed\u0142u\u017cania za pomoc\u0105 metody kanapkowej<\/h2>\r\nMetoda ta jest bardzo korzystna dla w\u0142os\u00f3w i ca\u0142kowicie nieinwazyjna. Co to oznacza w praktyce? \u017be mimo tego, \u017ce pasma w\u0142os\u00f3w s\u0105 przyklejane bezpo\u015brednio na Twoje w\u0142asne w\u0142osy, to nie obci\u0105\u017caj\u0105 ich, a klej skutecznie trzyma je na swoim miejscu.\r\n\r\nDlatego te\u017c metoda ta tak cz\u0119sto jest wybierana w\u0142a\u015bnie przez osoby, kt\u00f3re szukaj\u0105 pewnego sposobu na poprawienie wygl\u0105du swoich w\u0142os\u00f3w. Ta\u015bmy te s\u0105 szeroko\u015bci od 3 do 5 cm, natomiast d\u0142ugo\u015b\u0107 w\u0142osa to ju\u017c kwestia indywidualna. Najcz\u0119\u015bciej s\u0105 to pasma oko\u0142o 25 cm, jednak wszystko b\u0119dzie zale\u017ce\u0107 od tego, jakich potrzebujesz i jakie Ci si\u0119 podobaj\u0105. Pami\u0119taj, \u017ce nie decydujesz si\u0119 na ca\u0142e \u017cycie i je\u015bli nie spodoba Ci si\u0119 ta metoda, mo\u017cesz \u015bci\u0105gn\u0105\u0107 przyklejona pasma za pomoc\u0105 specjalnego preparatu tzw. removera.\r\n\r\nNale\u017cy jednak pami\u0119ta\u0107, \u017ce metoda ta nie jest dla wszystkich. Dlaczego? Gdy\u017c pasma doklejane s\u0105 do Twoich naturalnych, dlatego te\u017c musisz mie\u0107 w\u0142osy d\u0142ugo\u015bci co najmniej 15 cm, by doczepiane pasma wygl\u0105da\u0142y naturalnie i dobrze si\u0119 uk\u0142ada\u0142y.\r\n\r\nJe\u015bli jednak Twoje w\u0142osy s\u0105 d\u0142u\u017csze ni\u017c zak\u0142adana warto\u015b\u0107, to mo\u017cesz bez problemu korzysta\u0107 z tej technologii i cieszy\u0107 si\u0119 doczepianymi w\u0142osami, kt\u00f3re dobrze wygl\u0105daj\u0105, s\u0105 wygodne i nie ingeruj\u0105 zbytnio w Twoje naturalne, nie niszcz\u0105c ich i nie uszkadzaj\u0105c cebulek.\r\n<h2>Jako\u015b\u0107 i cena \u2013 czy w tej cenie warto?<\/h2>\r\nOczywi\u015bcie. O ile nie jest to mo\u017ce najni\u017csza cena za doczepy, to ich wykonanie i \u015bwietna prezentacja na g\u0142owie, ca\u0142kowicie rekompensuj\u0105 wydane pieni\u0105dze. Warto r\u00f3wnie\u017c pami\u0119ta\u0107, \u017ce ze wzgl\u0119du na sw\u00f3j szeroki wyb\u00f3r \u2013 b\u0119dziesz mog\u0142a dobra\u0107 odpowiednie pasma, kt\u00f3re wpasuj\u0105 si\u0119 w Tw\u00f3j odcie\u0144 w\u0142os\u00f3w i z pewno\u015bci\u0105 sprawi\u0105, \u017ce w lustrze b\u0119dziesz widzie\u0107 pi\u0119kniejsz\u0105 wersj\u0119 siebie.\r\n\r\nCena oczywi\u015bcie b\u0119dzie zale\u017cna od d\u0142ugo\u015bci oraz rodzaju w\u0142os\u00f3w i nale\u017cy doliczy\u0107 sam zabieg, dlatego jest to kwestia bardzo indywidualna, gdy\u017c jest uzale\u017cniona w\u0142a\u015bnie od tych czynnik\u00f3w. Niemniej jednak ca\u0142o\u015b\u0107 z pewno\u015bci\u0105 Ci si\u0119 op\u0142aci, gdy\u017c przed\u0142u\u017canie kanapkowe trzyma si\u0119 a\u017c do p\u00f3\u0142 roku, dlatego raz zaaplikowane w\u0142osy, b\u0119d\u0105 si\u0119 trzyma\u0142y d\u0142ugi czas.\r\n\r\nWarto jednak chodzi\u0107 na wizyty kontrolne co 4-6 tygodni, by upewni\u0107 si\u0119, \u017ce wszystko jest nie tak, a je\u015bli nie jest \u2013 nale\u017cycie doklei\u0107 ta\u015bmy. Wystarczy, \u017ce odpowiednio zadbasz o w\u0142osy, a z pewno\u015bci\u0105 b\u0119dziesz z nich zadowolona i b\u0119dziesz przed\u0142u\u017ca\u0107 i eksperymentowa\u0107 z najr\u00f3\u017cniejszymi kolorami oraz rodzajami gotowych pasm w\u0142os\u00f3w. Spraw sobie przyjemno\u015b\u0107, zadbaj o w\u0142asne w\u0142osy i ciesz si\u0119 od\u015bwie\u017conym wygl\u0105dem, i pewno\u015bci\u0105 siebie, kt\u00f3rej doda nowa fryzura.","link":"https:\/\/hairme.pl\/sklep\/product-category\/gotowe-pasma-do-przedluzania\/","name":"Gotowe pasma do przed\u0142u\u017cania","slug":"gotowe-pasma-do-przedluzania","taxonomy":"product_cat","parent":0,"meta":[],"_links":{"self":[{"href":"https:\/\/hairme.pl\/sklep\/wp-json\/wp\/v2\/product_cat\/15","targetHints":{"allow":["GET"]}}],"collection":[{"href":"https:\/\/hairme.pl\/sklep\/wp-json\/wp\/v2\/product_cat"}],"about":[{"href":"https:\/\/hairme.pl\/sklep\/wp-json\/wp\/v2\/taxonomies\/product_cat"}],"wp:post_type":[{"href":"https:\/\/hairme.pl\/sklep\/wp-json\/wp\/v2\/product?product_cat=15"}],"curies":[{"name":"wp","href":"https:\/\/api.w.org\/{rel}","templated":true}]}}